{"id":5444,"date":"2024-11-11T15:54:56","date_gmt":"2024-11-11T13:54:56","guid":{"rendered":"https:\/\/norre.fi\/?p=5444"},"modified":"2025-11-13T12:08:22","modified_gmt":"2025-11-13T10:08:22","slug":"tyoterveyslaakari","status":"publish","type":"post","link":"https:\/\/norre.fi\/en\/rekry\/tyoterveyslaakari\/","title":{"rendered":"Occupational health physician"},"content":{"rendered":"<p>Etsimme osa-aikaista ty\u00f6terveysl\u00e4\u00e4k\u00e4ri\u00e4 Kempeleeseen!<\/p>\n\n\n\n<p>Haluatko tehd\u00e4 merkityksellist\u00e4 ty\u00f6t\u00e4 ja tukea ty\u00f6ntekij\u00f6iden hyvinvointia? Haemme Kempeleen toimipisteellemme osa-aikaista tai ammatinharjoittajana toimivaa ty\u00f6terveysl\u00e4\u00e4k\u00e4ri\u00e4, jolla on kokemusta ty\u00f6terveyshuollosta ja halua kehitt\u00e4\u00e4 alan k\u00e4yt\u00e4nt\u00f6j\u00e4. P\u00e4\u00e4set osaksi tiivist\u00e4, yhteisty\u00f6henkist\u00e4 tiimi\u00e4mme, jossa hierarkiat eiv\u00e4t jarruta tekemist\u00e4.<\/p>\n\n\n\n<p>Voit olla ty\u00f6terveyshuoltoon erikoistuva l\u00e4\u00e4k\u00e4ri, pitk\u00e4n kurssin suorittanut tai valmis erikoisl\u00e4\u00e4k\u00e4ri.<\/p>\n\n\n\n<p><\/p>\n\n\n\n<p><strong>Ty\u00f6teht\u00e4v\u00e4si:<\/strong><\/p>\n\n\n\n<ul class=\"wp-block-list\">\n<li>Ty\u00f6terveysvastaanoton pit\u00e4minen ja asiakkaiden ty\u00f6kyvyn tukeminen ennaltaehk\u00e4isev\u00e4ll\u00e4 otteella.<\/li>\n\n\n\n<li>Ty\u00f6terveysk\u00e4yt\u00e4nteiden ja hoitoty\u00f6n kehitt\u00e4minen \u2013 meill\u00e4 saat tuoda uusia ideoita ja vaikuttaa toimintatapoihin yhdess\u00e4 muun tiimin kanssa.<\/li>\n\n\n\n<li>Ty\u00f6paikkaselvityksiin, toimintasuunnitelmapalavereihin ja muuhun yritysyhteisty\u00f6h\u00f6n osallistuminen.<\/li>\n<\/ul>\n\n\n\n<p><\/p>\n\n\n\n<p><strong>Mit\u00e4 toivomme sinulta:<\/strong><\/p>\n\n\n\n<ul class=\"wp-block-list\">\n<li>Kokemusta ty\u00f6terveyshuollosta ja valmiutta ty\u00f6skennell\u00e4 itsen\u00e4isesti.<\/li>\n\n\n\n<li>Innostusta ihmisl\u00e4heiseen ty\u00f6otteeseen ja hyvi\u00e4 yhteisty\u00f6taitoja moniammatillisessa ty\u00f6yhteis\u00f6ss\u00e4.<\/li>\n\n\n\n<li>Kehitt\u00e4mishalua ja halua olla mukana rakentamassa toimivia ty\u00f6terveysratkaisuja.<\/li>\n<\/ul>\n\n\n\n<p><\/p>\n\n\n\n<p><strong>Mit\u00e4 tarjoamme:<\/strong><\/p>\n\n\n\n<ul class=\"wp-block-list\">\n<li>Rennon ja avoimen ty\u00f6ymp\u00e4rist\u00f6n, jossa hierarkiat eiv\u00e4t rajoita tekemist\u00e4.<\/li>\n\n\n\n<li>Kehitystiimin ja ty\u00f6kalut, jotka tukevat ty\u00f6t\u00e4si ja mahdollistavat keskittymisen ihmisten hyvinvointiin.<\/li>\n\n\n\n<li>Joustavan ty\u00f6nkuvan \u2013 voit toimia osa-aikaisesti ty\u00f6suhteessa tai ammatinharjoittajana, ja palkkausmalli on neuvoteltavissa esimerkiksi suoriteperusteisesti.<\/li>\n\n\n\n<li>Tiimimme vahvan ammatillisen tuen.<\/li>\n<\/ul>\n\n\n\n<p><\/p>\n\n\n\n<p><strong>Kiinnostuitko?<\/strong><br>Haku jatkuu, kunnes l\u00f6yd\u00e4mme sopivan henkil\u00f6n. Ota rohkeasti yhteytt\u00e4 &#8211; voit soittaa tai l\u00e4hett\u00e4\u00e4 s\u00e4hk\u00f6postia kysy\u00e4ksesi lis\u00e4tietoja. Voit my\u00f6s l\u00e4hett\u00e4\u00e4 hakemuksesi ja CV:n meille.<\/p>\n\n\n\n<p>Yhteyshenkil\u00f6 Viljami Linna, puhelin <a href=\"tel:+358442809861\">0440 309 428<\/a> tai s\u00e4hk\u00f6posti <a href=\"mailto:rekry@norre.fi\">rekry@norre.fi<\/a><\/p>\n\n\n\n<p><\/p>","protected":false},"excerpt":{"rendered":"<p>Etsimme osa-aikaista ty\u00f6terveysl\u00e4\u00e4k\u00e4ri\u00e4 Kempeleeseen! Haluatko tehd\u00e4 merkityksellist\u00e4 ty\u00f6t\u00e4 ja tukea ty\u00f6ntekij\u00f6iden hyvinvointia? Haemme Kempeleen toimipisteellemme osa-aikaista tai ammatinharjoittajana toimivaa ty\u00f6terveysl\u00e4\u00e4k\u00e4ri\u00e4, jolla on kokemusta ty\u00f6terveyshuollosta ja halua kehitt\u00e4\u00e4 alan k\u00e4yt\u00e4nt\u00f6j\u00e4. P\u00e4\u00e4set osaksi tiivist\u00e4, yhteisty\u00f6henkist\u00e4 tiimi\u00e4mme, jossa hierarkiat eiv\u00e4t jarruta tekemist\u00e4. Voit olla ty\u00f6terveyshuoltoon erikoistuva l\u00e4\u00e4k\u00e4ri, pitk\u00e4n kurssin suorittanut tai valmis erikoisl\u00e4\u00e4k\u00e4ri. Ty\u00f6teht\u00e4v\u00e4si: Mit\u00e4 toivomme sinulta: Mit\u00e4 [&hellip;]<\/p>\n","protected":false},"author":3,"featured_media":4797,"comment_status":"closed","ping_status":"open","sticky":false,"template":"","format":"standard","meta":{"_acf_changed":false,"footnotes":""},"categories":[31],"tags":[30],"class_list":["post-5444","post","type-post","status-publish","format-standard","has-post-thumbnail","hentry","category-rekry","tag-oulu"],"acf":[],"yoast_head":"<!-- This site is optimized with the Yoast SEO plugin v27.4 - https:\/\/yoast.com\/product\/yoast-seo-wordpress\/ -->\n<title>Ty\u00f6terveysl\u00e4\u00e4k\u00e4ri - Norre Ty&ouml;terveys<\/title>\n<meta name=\"robots\" content=\"index, follow, max-snippet:-1, max-image-preview:large, max-video-preview:-1\" \/>\n<link rel=\"canonical\" href=\"https:\/\/norre.fi\/en\/rekry\/tyoterveyslaakari\/\" \/>\n<meta property=\"og:locale\" content=\"en_US\" \/>\n<meta property=\"og:type\" content=\"article\" \/>\n<meta property=\"og:title\" content=\"Ty\u00f6terveysl\u00e4\u00e4k\u00e4ri - Norre Ty&ouml;terveys\" \/>\n<meta property=\"og:description\" content=\"Etsimme osa-aikaista ty\u00f6terveysl\u00e4\u00e4k\u00e4ri\u00e4 Kempeleeseen! Haluatko tehd\u00e4 merkityksellist\u00e4 ty\u00f6t\u00e4 ja tukea ty\u00f6ntekij\u00f6iden hyvinvointia? Haemme Kempeleen toimipisteellemme osa-aikaista tai ammatinharjoittajana toimivaa ty\u00f6terveysl\u00e4\u00e4k\u00e4ri\u00e4, jolla on kokemusta ty\u00f6terveyshuollosta ja halua kehitt\u00e4\u00e4 alan k\u00e4yt\u00e4nt\u00f6j\u00e4. P\u00e4\u00e4set osaksi tiivist\u00e4, yhteisty\u00f6henkist\u00e4 tiimi\u00e4mme, jossa hierarkiat eiv\u00e4t jarruta tekemist\u00e4. Voit olla ty\u00f6terveyshuoltoon erikoistuva l\u00e4\u00e4k\u00e4ri, pitk\u00e4n kurssin suorittanut tai valmis erikoisl\u00e4\u00e4k\u00e4ri. Ty\u00f6teht\u00e4v\u00e4si: Mit\u00e4 toivomme sinulta: Mit\u00e4 [&hellip;]\" \/>\n<meta property=\"og:url\" content=\"https:\/\/norre.fi\/en\/rekry\/tyoterveyslaakari\/\" \/>\n<meta property=\"og:site_name\" content=\"Norre Ty&ouml;terveys\" \/>\n<meta property=\"article:published_time\" content=\"2024-11-11T13:54:56+00:00\" \/>\n<meta property=\"article:modified_time\" content=\"2025-11-13T10:08:22+00:00\" \/>\n<meta property=\"og:image\" content=\"https:\/\/norre.fi\/wp-content\/uploads\/2023\/11\/laakari_potilas.webp\" \/>\n\t<meta property=\"og:image:width\" content=\"1920\" \/>\n\t<meta property=\"og:image:height\" content=\"1281\" \/>\n\t<meta property=\"og:image:type\" content=\"image\/webp\" \/>\n<meta name=\"author\" content=\"Jani R\u00e4ih\u00e4\" \/>\n<meta name=\"twitter:card\" content=\"summary_large_image\" \/>\n<meta name=\"twitter:label1\" content=\"Written by\" \/>\n\t<meta name=\"twitter:data1\" content=\"Jani R\u00e4ih\u00e4\" \/>\n\t<meta name=\"twitter:label2\" content=\"Est. reading time\" \/>\n\t<meta name=\"twitter:data2\" content=\"2 minutes\" \/>\n<script type=\"application\/ld+json\" class=\"yoast-schema-graph\">{\"@context\":\"https:\\\/\\\/schema.org\",\"@graph\":[{\"@type\":\"Article\",\"@id\":\"https:\\\/\\\/norre.fi\\\/rekry\\\/tyoterveyslaakari\\\/#article\",\"isPartOf\":{\"@id\":\"https:\\\/\\\/norre.fi\\\/rekry\\\/tyoterveyslaakari\\\/\"},\"author\":{\"name\":\"Jani R\u00e4ih\u00e4\",\"@id\":\"https:\\\/\\\/norre.fi\\\/#\\\/schema\\\/person\\\/281e75f6b0c99b820e7f6b27c533acf6\"},\"headline\":\"Ty\u00f6terveysl\u00e4\u00e4k\u00e4ri\",\"datePublished\":\"2024-11-11T13:54:56+00:00\",\"dateModified\":\"2025-11-13T10:08:22+00:00\",\"mainEntityOfPage\":{\"@id\":\"https:\\\/\\\/norre.fi\\\/rekry\\\/tyoterveyslaakari\\\/\"},\"wordCount\":255,\"publisher\":{\"@id\":\"https:\\\/\\\/norre.fi\\\/#organization\"},\"image\":{\"@id\":\"https:\\\/\\\/norre.fi\\\/rekry\\\/tyoterveyslaakari\\\/#primaryimage\"},\"thumbnailUrl\":\"https:\\\/\\\/norre.fi\\\/wp-content\\\/uploads\\\/2023\\\/11\\\/laakari_potilas.webp\",\"keywords\":[\"Oulu\"],\"articleSection\":[\"Rekry\"],\"inLanguage\":\"en-US\"},{\"@type\":\"WebPage\",\"@id\":\"https:\\\/\\\/norre.fi\\\/rekry\\\/tyoterveyslaakari\\\/\",\"url\":\"https:\\\/\\\/norre.fi\\\/rekry\\\/tyoterveyslaakari\\\/\",\"name\":\"Ty\u00f6terveysl\u00e4\u00e4k\u00e4ri - Norre Ty&ouml;terveys\",\"isPartOf\":{\"@id\":\"https:\\\/\\\/norre.fi\\\/#website\"},\"primaryImageOfPage\":{\"@id\":\"https:\\\/\\\/norre.fi\\\/rekry\\\/tyoterveyslaakari\\\/#primaryimage\"},\"image\":{\"@id\":\"https:\\\/\\\/norre.fi\\\/rekry\\\/tyoterveyslaakari\\\/#primaryimage\"},\"thumbnailUrl\":\"https:\\\/\\\/norre.fi\\\/wp-content\\\/uploads\\\/2023\\\/11\\\/laakari_potilas.webp\",\"datePublished\":\"2024-11-11T13:54:56+00:00\",\"dateModified\":\"2025-11-13T10:08:22+00:00\",\"breadcrumb\":{\"@id\":\"https:\\\/\\\/norre.fi\\\/rekry\\\/tyoterveyslaakari\\\/#breadcrumb\"},\"inLanguage\":\"en-US\",\"potentialAction\":[{\"@type\":\"ReadAction\",\"target\":[\"https:\\\/\\\/norre.fi\\\/rekry\\\/tyoterveyslaakari\\\/\"]}]},{\"@type\":\"ImageObject\",\"inLanguage\":\"en-US\",\"@id\":\"https:\\\/\\\/norre.fi\\\/rekry\\\/tyoterveyslaakari\\\/#primaryimage\",\"url\":\"https:\\\/\\\/norre.fi\\\/wp-content\\\/uploads\\\/2023\\\/11\\\/laakari_potilas.webp\",\"contentUrl\":\"https:\\\/\\\/norre.fi\\\/wp-content\\\/uploads\\\/2023\\\/11\\\/laakari_potilas.webp\",\"width\":1920,\"height\":1281,\"caption\":\"L\u00e4\u00e4k\u00e4ri potilas\"},{\"@type\":\"BreadcrumbList\",\"@id\":\"https:\\\/\\\/norre.fi\\\/rekry\\\/tyoterveyslaakari\\\/#breadcrumb\",\"itemListElement\":[{\"@type\":\"ListItem\",\"position\":1,\"name\":\"Etusivu\",\"item\":\"https:\\\/\\\/norre.fi\\\/\"},{\"@type\":\"ListItem\",\"position\":2,\"name\":\"Rekry\",\"item\":\"https:\\\/\\\/norre.fi\\\/category\\\/rekry\\\/\"},{\"@type\":\"ListItem\",\"position\":3,\"name\":\"Ty\u00f6terveysl\u00e4\u00e4k\u00e4ri\"}]},{\"@type\":\"WebSite\",\"@id\":\"https:\\\/\\\/norre.fi\\\/#website\",\"url\":\"https:\\\/\\\/norre.fi\\\/\",\"name\":\"Norre Ty&ouml;terveys\",\"description\":\"Tule kanssamme uudistamaan ty&ouml;terveysalaa!\",\"publisher\":{\"@id\":\"https:\\\/\\\/norre.fi\\\/#organization\"},\"potentialAction\":[{\"@type\":\"SearchAction\",\"target\":{\"@type\":\"EntryPoint\",\"urlTemplate\":\"https:\\\/\\\/norre.fi\\\/?s={search_term_string}\"},\"query-input\":{\"@type\":\"PropertyValueSpecification\",\"valueRequired\":true,\"valueName\":\"search_term_string\"}}],\"inLanguage\":\"en-US\"},{\"@type\":\"Organization\",\"@id\":\"https:\\\/\\\/norre.fi\\\/#organization\",\"name\":\"Norre Ty\u00f6terveys Oy\",\"url\":\"https:\\\/\\\/norre.fi\\\/\",\"logo\":{\"@type\":\"ImageObject\",\"inLanguage\":\"en-US\",\"@id\":\"https:\\\/\\\/norre.fi\\\/#\\\/schema\\\/logo\\\/image\\\/\",\"url\":\"https:\\\/\\\/norre.fi\\\/wp-content\\\/uploads\\\/2020\\\/08\\\/norre-logo.svg\",\"contentUrl\":\"https:\\\/\\\/norre.fi\\\/wp-content\\\/uploads\\\/2020\\\/08\\\/norre-logo.svg\",\"caption\":\"Norre Ty\u00f6terveys Oy\"},\"image\":{\"@id\":\"https:\\\/\\\/norre.fi\\\/#\\\/schema\\\/logo\\\/image\\\/\"},\"sameAs\":[\"https:\\\/\\\/www.linkedin.com\\\/company\\\/norre-tyterveys\\\/\"]},{\"@type\":\"Person\",\"@id\":\"https:\\\/\\\/norre.fi\\\/#\\\/schema\\\/person\\\/281e75f6b0c99b820e7f6b27c533acf6\",\"name\":\"Jani R\u00e4ih\u00e4\",\"image\":{\"@type\":\"ImageObject\",\"inLanguage\":\"en-US\",\"@id\":\"https:\\\/\\\/secure.gravatar.com\\\/avatar\\\/990c12454416d191be9ff02b002ba67ac3e6bac48542d322870e47609477e6fb?s=96&d=mm&r=g\",\"url\":\"https:\\\/\\\/secure.gravatar.com\\\/avatar\\\/990c12454416d191be9ff02b002ba67ac3e6bac48542d322870e47609477e6fb?s=96&d=mm&r=g\",\"contentUrl\":\"https:\\\/\\\/secure.gravatar.com\\\/avatar\\\/990c12454416d191be9ff02b002ba67ac3e6bac48542d322870e47609477e6fb?s=96&d=mm&r=g\",\"caption\":\"Jani R\u00e4ih\u00e4\"},\"description\":\"Toimitusjohtaja\",\"url\":\"https:\\\/\\\/norre.fi\\\/en\\\/author\\\/jani-raiha\\\/\"}]}<\/script>\n<!-- \/ Yoast SEO plugin. -->","yoast_head_json":{"title":"Ty\u00f6terveysl\u00e4\u00e4k\u00e4ri - Norre Ty&ouml;terveys","robots":{"index":"index","follow":"follow","max-snippet":"max-snippet:-1","max-image-preview":"max-image-preview:large","max-video-preview":"max-video-preview:-1"},"canonical":"https:\/\/norre.fi\/en\/rekry\/tyoterveyslaakari\/","og_locale":"en_US","og_type":"article","og_title":"Ty\u00f6terveysl\u00e4\u00e4k\u00e4ri - Norre Ty&ouml;terveys","og_description":"Etsimme osa-aikaista ty\u00f6terveysl\u00e4\u00e4k\u00e4ri\u00e4 Kempeleeseen! Haluatko tehd\u00e4 merkityksellist\u00e4 ty\u00f6t\u00e4 ja tukea ty\u00f6ntekij\u00f6iden hyvinvointia? Haemme Kempeleen toimipisteellemme osa-aikaista tai ammatinharjoittajana toimivaa ty\u00f6terveysl\u00e4\u00e4k\u00e4ri\u00e4, jolla on kokemusta ty\u00f6terveyshuollosta ja halua kehitt\u00e4\u00e4 alan k\u00e4yt\u00e4nt\u00f6j\u00e4. P\u00e4\u00e4set osaksi tiivist\u00e4, yhteisty\u00f6henkist\u00e4 tiimi\u00e4mme, jossa hierarkiat eiv\u00e4t jarruta tekemist\u00e4. Voit olla ty\u00f6terveyshuoltoon erikoistuva l\u00e4\u00e4k\u00e4ri, pitk\u00e4n kurssin suorittanut tai valmis erikoisl\u00e4\u00e4k\u00e4ri. Ty\u00f6teht\u00e4v\u00e4si: Mit\u00e4 toivomme sinulta: Mit\u00e4 [&hellip;]","og_url":"https:\/\/norre.fi\/en\/rekry\/tyoterveyslaakari\/","og_site_name":"Norre Ty&ouml;terveys","article_published_time":"2024-11-11T13:54:56+00:00","article_modified_time":"2025-11-13T10:08:22+00:00","og_image":[{"width":1920,"height":1281,"url":"https:\/\/norre.fi\/wp-content\/uploads\/2023\/11\/laakari_potilas.webp","type":"image\/webp"}],"author":"Jani R\u00e4ih\u00e4","twitter_card":"summary_large_image","twitter_misc":{"Written by":"Jani R\u00e4ih\u00e4","Est. reading time":"2 minutes"},"schema":{"@context":"https:\/\/schema.org","@graph":[{"@type":"Article","@id":"https:\/\/norre.fi\/rekry\/tyoterveyslaakari\/#article","isPartOf":{"@id":"https:\/\/norre.fi\/rekry\/tyoterveyslaakari\/"},"author":{"name":"Jani R\u00e4ih\u00e4","@id":"https:\/\/norre.fi\/#\/schema\/person\/281e75f6b0c99b820e7f6b27c533acf6"},"headline":"Ty\u00f6terveysl\u00e4\u00e4k\u00e4ri","datePublished":"2024-11-11T13:54:56+00:00","dateModified":"2025-11-13T10:08:22+00:00","mainEntityOfPage":{"@id":"https:\/\/norre.fi\/rekry\/tyoterveyslaakari\/"},"wordCount":255,"publisher":{"@id":"https:\/\/norre.fi\/#organization"},"image":{"@id":"https:\/\/norre.fi\/rekry\/tyoterveyslaakari\/#primaryimage"},"thumbnailUrl":"https:\/\/norre.fi\/wp-content\/uploads\/2023\/11\/laakari_potilas.webp","keywords":["Oulu"],"articleSection":["Rekry"],"inLanguage":"en-US"},{"@type":"WebPage","@id":"https:\/\/norre.fi\/rekry\/tyoterveyslaakari\/","url":"https:\/\/norre.fi\/rekry\/tyoterveyslaakari\/","name":"Ty\u00f6terveysl\u00e4\u00e4k\u00e4ri - Norre Ty&ouml;terveys","isPartOf":{"@id":"https:\/\/norre.fi\/#website"},"primaryImageOfPage":{"@id":"https:\/\/norre.fi\/rekry\/tyoterveyslaakari\/#primaryimage"},"image":{"@id":"https:\/\/norre.fi\/rekry\/tyoterveyslaakari\/#primaryimage"},"thumbnailUrl":"https:\/\/norre.fi\/wp-content\/uploads\/2023\/11\/laakari_potilas.webp","datePublished":"2024-11-11T13:54:56+00:00","dateModified":"2025-11-13T10:08:22+00:00","breadcrumb":{"@id":"https:\/\/norre.fi\/rekry\/tyoterveyslaakari\/#breadcrumb"},"inLanguage":"en-US","potentialAction":[{"@type":"ReadAction","target":["https:\/\/norre.fi\/rekry\/tyoterveyslaakari\/"]}]},{"@type":"ImageObject","inLanguage":"en-US","@id":"https:\/\/norre.fi\/rekry\/tyoterveyslaakari\/#primaryimage","url":"https:\/\/norre.fi\/wp-content\/uploads\/2023\/11\/laakari_potilas.webp","contentUrl":"https:\/\/norre.fi\/wp-content\/uploads\/2023\/11\/laakari_potilas.webp","width":1920,"height":1281,"caption":"L\u00e4\u00e4k\u00e4ri potilas"},{"@type":"BreadcrumbList","@id":"https:\/\/norre.fi\/rekry\/tyoterveyslaakari\/#breadcrumb","itemListElement":[{"@type":"ListItem","position":1,"name":"Etusivu","item":"https:\/\/norre.fi\/"},{"@type":"ListItem","position":2,"name":"Rekry","item":"https:\/\/norre.fi\/category\/rekry\/"},{"@type":"ListItem","position":3,"name":"Ty\u00f6terveysl\u00e4\u00e4k\u00e4ri"}]},{"@type":"WebSite","@id":"https:\/\/norre.fi\/#website","url":"https:\/\/norre.fi\/","name":"Norre Ty&ouml;terveys","description":"Tule kanssamme uudistamaan ty&ouml;terveysalaa!","publisher":{"@id":"https:\/\/norre.fi\/#organization"},"potentialAction":[{"@type":"SearchAction","target":{"@type":"EntryPoint","urlTemplate":"https:\/\/norre.fi\/?s={search_term_string}"},"query-input":{"@type":"PropertyValueSpecification","valueRequired":true,"valueName":"search_term_string"}}],"inLanguage":"en-US"},{"@type":"Organization","@id":"https:\/\/norre.fi\/#organization","name":"Norre Ty\u00f6terveys Oy","url":"https:\/\/norre.fi\/","logo":{"@type":"ImageObject","inLanguage":"en-US","@id":"https:\/\/norre.fi\/#\/schema\/logo\/image\/","url":"https:\/\/norre.fi\/wp-content\/uploads\/2020\/08\/norre-logo.svg","contentUrl":"https:\/\/norre.fi\/wp-content\/uploads\/2020\/08\/norre-logo.svg","caption":"Norre Ty\u00f6terveys Oy"},"image":{"@id":"https:\/\/norre.fi\/#\/schema\/logo\/image\/"},"sameAs":["https:\/\/www.linkedin.com\/company\/norre-tyterveys\/"]},{"@type":"Person","@id":"https:\/\/norre.fi\/#\/schema\/person\/281e75f6b0c99b820e7f6b27c533acf6","name":"Jani R\u00e4ih\u00e4","image":{"@type":"ImageObject","inLanguage":"en-US","@id":"https:\/\/secure.gravatar.com\/avatar\/990c12454416d191be9ff02b002ba67ac3e6bac48542d322870e47609477e6fb?s=96&d=mm&r=g","url":"https:\/\/secure.gravatar.com\/avatar\/990c12454416d191be9ff02b002ba67ac3e6bac48542d322870e47609477e6fb?s=96&d=mm&r=g","contentUrl":"https:\/\/secure.gravatar.com\/avatar\/990c12454416d191be9ff02b002ba67ac3e6bac48542d322870e47609477e6fb?s=96&d=mm&r=g","caption":"Jani R\u00e4ih\u00e4"},"description":"CEO","url":"https:\/\/norre.fi\/en\/author\/jani-raiha\/"}]}},"_links":{"self":[{"href":"https:\/\/norre.fi\/en\/wp-json\/wp\/v2\/posts\/5444","targetHints":{"allow":["GET"]}}],"collection":[{"href":"https:\/\/norre.fi\/en\/wp-json\/wp\/v2\/posts"}],"about":[{"href":"https:\/\/norre.fi\/en\/wp-json\/wp\/v2\/types\/post"}],"author":[{"embeddable":true,"href":"https:\/\/norre.fi\/en\/wp-json\/wp\/v2\/users\/3"}],"replies":[{"embeddable":true,"href":"https:\/\/norre.fi\/en\/wp-json\/wp\/v2\/comments?post=5444"}],"version-history":[{"count":4,"href":"https:\/\/norre.fi\/en\/wp-json\/wp\/v2\/posts\/5444\/revisions"}],"predecessor-version":[{"id":5602,"href":"https:\/\/norre.fi\/en\/wp-json\/wp\/v2\/posts\/5444\/revisions\/5602"}],"wp:featuredmedia":[{"embeddable":true,"href":"https:\/\/norre.fi\/en\/wp-json\/wp\/v2\/media\/4797"}],"wp:attachment":[{"href":"https:\/\/norre.fi\/en\/wp-json\/wp\/v2\/media?parent=5444"}],"wp:term":[{"taxonomy":"category","embeddable":true,"href":"https:\/\/norre.fi\/en\/wp-json\/wp\/v2\/categories?post=5444"},{"taxonomy":"post_tag","embeddable":true,"href":"https:\/\/norre.fi\/en\/wp-json\/wp\/v2\/tags?post=5444"}],"curies":[{"name":"wp","href":"https:\/\/api.w.org\/{rel}","templated":true}]}}