{"id":5168,"date":"2024-01-15T13:58:43","date_gmt":"2024-01-15T11:58:43","guid":{"rendered":"https:\/\/norre.fi\/?p=5168"},"modified":"2024-11-11T13:04:04","modified_gmt":"2024-11-11T11:04:04","slug":"myyja","status":"publish","type":"post","link":"https:\/\/norre.fi\/en\/rekry\/myyja\/","title":{"rendered":"Sales Representative"},"content":{"rendered":"<p>Haemme jatkuvasti osaavia <strong>myyji\u00e4<\/strong> ty\u00f6terveyspalveluiden tiimiimme.<\/p>\n\n\n\n<p>Oletko myynnin ammattilainen, joka on valmis tarttumaan haasteeseen? Etsimme myyj\u00e4\u00e4, joka on innokas oppimaan ja viem\u00e4\u00e4n myynti\u00e4mme uudelle tasolle B2B-segmentiss\u00e4. <\/p>\n\n\n\n<p><\/p>\n\n\n\n<p><strong>Mit\u00e4 odotamme sinulta:<\/strong><\/p>\n\n\n\n<ul class=\"wp-block-list\">\n<li>Kyky\u00e4 itsen\u00e4iseen ty\u00f6skentelyyn perehdytyksen j\u00e4lkeen<\/li>\n\n\n\n<li>Halua ja kyky\u00e4 luoda ja yll\u00e4pit\u00e4\u00e4 asiakassuhteita<\/li>\n\n\n\n<li>Aikaisempi myyntikokemus ja verkostot katsotaan eduksi<\/li>\n\n\n\n<li>Innostusta uudenlaisen ty\u00f6terveyshuollon palveluiden myyntiin<\/li>\n<\/ul>\n\n\n\n<p><\/p>\n\n\n\n<p><strong>Mit\u00e4 tarjoamme:<\/strong><\/p>\n\n\n\n<ul class=\"wp-block-list\">\n<li>Ainutlaatuinen tilaisuus olla mukana merkitt\u00e4v\u00e4ss\u00e4 muutos- ja kasvutarinassa<\/li>\n\n\n\n<li>Mahdollisuuden vaikuttaa ty\u00f6terveyshuollon palveluiden uudistamiseen<\/li>\n\n\n\n<li>Innostavan ja moniammatillisen tiimin tuen<\/li>\n\n\n\n<li>Monipuolisia mahdollisuuksia urakehitykseen kasvavassa yrityksess\u00e4<\/li>\n\n\n\n<li>Kaikki ty\u00f6nantajat potentiaalisina asiakkainasi<\/li>\n<\/ul>\n\n\n\n<p><\/p>\n\n\n\n<p><strong>Etsim\u00e4mme henkil\u00f6 on:<\/strong><\/p>\n\n\n\n<ul class=\"wp-block-list\">\n<li>Itsevarma ja tavoitteellinen, kykenev\u00e4 itsen\u00e4iseen ty\u00f6skentelyyn ja asiakassuhteiden rakentamiseen<\/li>\n\n\n\n<li>Erinomainen kuuntelija, joka osaa tunnistaa asiakkaan tarpeet ja tarjota ratkaisuja<\/li>\n\n\n\n<li>Valmis ottamaan aktiivisesti yhteytt\u00e4 potentiaalisiin asiakkaisiin ja luomaan uusia asiakassuhteita<\/li>\n\n\n\n<li>Kiinnostunut ty\u00f6terveyshuollon alasta ja valmis oppimaan uutta riippumatta aikaisemmasta kokemuksesta tai tulet alan sis\u00e4lt\u00e4 toisista teht\u00e4vist\u00e4<\/li>\n<\/ul>\n\n\n\n<p><\/p>\n\n\n\n<p><strong>Hakuprosessi:<\/strong><br>L\u00e4het\u00e4 hakemuksesi ja CV:si, jossa kerrot, miksi juuri sin\u00e4 olet oikea henkil\u00f6 t\u00e4h\u00e4n teht\u00e4v\u00e4\u00e4n. Kerro meille my\u00f6s palkkatoiveesi. K\u00e4sittelemme hakemuksia jatkuvasti ja t\u00e4yt\u00e4mme paikan heti oikean henkil\u00f6n l\u00f6ydytty\u00e4.<\/p>\n\n\n\n<p>Ota rohkeasti yhteytt\u00e4 ja kysy lis\u00e4tietoja teht\u00e4v\u00e4st\u00e4!<\/p>\n\n\n\n<p>Yhteyshenkil\u00f6 Jani R\u00e4ih\u00e4, puhelin <a href=\"tel:+358415441937\">041 544 1937<\/a> tai s\u00e4hk\u00f6posti <a href=\"mailto:rekry@norre.fi\">rekry@norre.fi<\/a>.<\/p>\n\n\n\n<p><\/p>","protected":false},"excerpt":{"rendered":"<p>Haemme jatkuvasti osaavia myyji\u00e4 ty\u00f6terveyspalveluiden tiimiimme. Oletko myynnin ammattilainen, joka on valmis tarttumaan haasteeseen? Etsimme myyj\u00e4\u00e4, joka on innokas oppimaan ja viem\u00e4\u00e4n myynti\u00e4mme uudelle tasolle B2B-segmentiss\u00e4. Mit\u00e4 odotamme sinulta: Mit\u00e4 tarjoamme: Etsim\u00e4mme henkil\u00f6 on: Hakuprosessi:L\u00e4het\u00e4 hakemuksesi ja CV:si, jossa kerrot, miksi juuri sin\u00e4 olet oikea henkil\u00f6 t\u00e4h\u00e4n teht\u00e4v\u00e4\u00e4n. Kerro meille my\u00f6s palkkatoiveesi. K\u00e4sittelemme hakemuksia jatkuvasti [&hellip;]<\/p>\n","protected":false},"author":3,"featured_media":5170,"comment_status":"closed","ping_status":"open","sticky":false,"template":"","format":"standard","meta":{"_acf_changed":false,"footnotes":""},"categories":[31],"tags":[30,33],"class_list":["post-5168","post","type-post","status-publish","format-standard","has-post-thumbnail","hentry","category-rekry","tag-oulu","tag-paakaupunkiseutu"],"acf":[],"yoast_head":"<!-- This site is optimized with the Yoast SEO plugin v27.4 - https:\/\/yoast.com\/product\/yoast-seo-wordpress\/ -->\n<title>Myyj\u00e4 - Norre Ty&ouml;terveys<\/title>\n<meta name=\"robots\" content=\"index, follow, max-snippet:-1, max-image-preview:large, max-video-preview:-1\" \/>\n<link rel=\"canonical\" href=\"https:\/\/norre.fi\/en\/rekry\/myyja\/\" \/>\n<meta property=\"og:locale\" content=\"en_US\" \/>\n<meta property=\"og:type\" content=\"article\" \/>\n<meta property=\"og:title\" content=\"Myyj\u00e4 - Norre Ty&ouml;terveys\" \/>\n<meta property=\"og:description\" content=\"Haemme jatkuvasti osaavia myyji\u00e4 ty\u00f6terveyspalveluiden tiimiimme. Oletko myynnin ammattilainen, joka on valmis tarttumaan haasteeseen? Etsimme myyj\u00e4\u00e4, joka on innokas oppimaan ja viem\u00e4\u00e4n myynti\u00e4mme uudelle tasolle B2B-segmentiss\u00e4. Mit\u00e4 odotamme sinulta: Mit\u00e4 tarjoamme: Etsim\u00e4mme henkil\u00f6 on: Hakuprosessi:L\u00e4het\u00e4 hakemuksesi ja CV:si, jossa kerrot, miksi juuri sin\u00e4 olet oikea henkil\u00f6 t\u00e4h\u00e4n teht\u00e4v\u00e4\u00e4n. Kerro meille my\u00f6s palkkatoiveesi. K\u00e4sittelemme hakemuksia jatkuvasti [&hellip;]\" \/>\n<meta property=\"og:url\" content=\"https:\/\/norre.fi\/en\/rekry\/myyja\/\" \/>\n<meta property=\"og:site_name\" content=\"Norre Ty&ouml;terveys\" \/>\n<meta property=\"article:published_time\" content=\"2024-01-15T11:58:43+00:00\" \/>\n<meta property=\"article:modified_time\" content=\"2024-11-11T11:04:04+00:00\" \/>\n<meta property=\"og:image\" content=\"https:\/\/norre.fi\/wp-content\/uploads\/2024\/03\/051A4522-Edit_Isot-kuvat.webp\" \/>\n\t<meta property=\"og:image:width\" content=\"1920\" \/>\n\t<meta property=\"og:image:height\" content=\"1189\" \/>\n\t<meta property=\"og:image:type\" content=\"image\/webp\" \/>\n<meta name=\"author\" content=\"Jani R\u00e4ih\u00e4\" \/>\n<meta name=\"twitter:card\" content=\"summary_large_image\" \/>\n<meta name=\"twitter:label1\" content=\"Written by\" \/>\n\t<meta name=\"twitter:data1\" content=\"Jani R\u00e4ih\u00e4\" \/>\n\t<meta name=\"twitter:label2\" content=\"Est. reading time\" \/>\n\t<meta name=\"twitter:data2\" content=\"2 minutes\" \/>\n<script type=\"application\/ld+json\" class=\"yoast-schema-graph\">{\"@context\":\"https:\\\/\\\/schema.org\",\"@graph\":[{\"@type\":\"Article\",\"@id\":\"https:\\\/\\\/norre.fi\\\/rekry\\\/myyja\\\/#article\",\"isPartOf\":{\"@id\":\"https:\\\/\\\/norre.fi\\\/rekry\\\/myyja\\\/\"},\"author\":{\"name\":\"Jani R\u00e4ih\u00e4\",\"@id\":\"https:\\\/\\\/norre.fi\\\/#\\\/schema\\\/person\\\/281e75f6b0c99b820e7f6b27c533acf6\"},\"headline\":\"Myyj\u00e4\",\"datePublished\":\"2024-01-15T11:58:43+00:00\",\"dateModified\":\"2024-11-11T11:04:04+00:00\",\"mainEntityOfPage\":{\"@id\":\"https:\\\/\\\/norre.fi\\\/rekry\\\/myyja\\\/\"},\"wordCount\":212,\"publisher\":{\"@id\":\"https:\\\/\\\/norre.fi\\\/#organization\"},\"image\":{\"@id\":\"https:\\\/\\\/norre.fi\\\/rekry\\\/myyja\\\/#primaryimage\"},\"thumbnailUrl\":\"https:\\\/\\\/norre.fi\\\/wp-content\\\/uploads\\\/2024\\\/03\\\/051A4522-Edit_Isot-kuvat.webp\",\"keywords\":[\"Oulu\",\"P\u00e4\u00e4kaupunkiseutu\"],\"articleSection\":[\"Rekry\"],\"inLanguage\":\"en-US\"},{\"@type\":\"WebPage\",\"@id\":\"https:\\\/\\\/norre.fi\\\/rekry\\\/myyja\\\/\",\"url\":\"https:\\\/\\\/norre.fi\\\/rekry\\\/myyja\\\/\",\"name\":\"Myyj\u00e4 - Norre Ty&ouml;terveys\",\"isPartOf\":{\"@id\":\"https:\\\/\\\/norre.fi\\\/#website\"},\"primaryImageOfPage\":{\"@id\":\"https:\\\/\\\/norre.fi\\\/rekry\\\/myyja\\\/#primaryimage\"},\"image\":{\"@id\":\"https:\\\/\\\/norre.fi\\\/rekry\\\/myyja\\\/#primaryimage\"},\"thumbnailUrl\":\"https:\\\/\\\/norre.fi\\\/wp-content\\\/uploads\\\/2024\\\/03\\\/051A4522-Edit_Isot-kuvat.webp\",\"datePublished\":\"2024-01-15T11:58:43+00:00\",\"dateModified\":\"2024-11-11T11:04:04+00:00\",\"breadcrumb\":{\"@id\":\"https:\\\/\\\/norre.fi\\\/rekry\\\/myyja\\\/#breadcrumb\"},\"inLanguage\":\"en-US\",\"potentialAction\":[{\"@type\":\"ReadAction\",\"target\":[\"https:\\\/\\\/norre.fi\\\/rekry\\\/myyja\\\/\"]}]},{\"@type\":\"ImageObject\",\"inLanguage\":\"en-US\",\"@id\":\"https:\\\/\\\/norre.fi\\\/rekry\\\/myyja\\\/#primaryimage\",\"url\":\"https:\\\/\\\/norre.fi\\\/wp-content\\\/uploads\\\/2024\\\/03\\\/051A4522-Edit_Isot-kuvat.webp\",\"contentUrl\":\"https:\\\/\\\/norre.fi\\\/wp-content\\\/uploads\\\/2024\\\/03\\\/051A4522-Edit_Isot-kuvat.webp\",\"width\":1920,\"height\":1189,\"caption\":\"Myyntitilanne\"},{\"@type\":\"BreadcrumbList\",\"@id\":\"https:\\\/\\\/norre.fi\\\/rekry\\\/myyja\\\/#breadcrumb\",\"itemListElement\":[{\"@type\":\"ListItem\",\"position\":1,\"name\":\"Etusivu\",\"item\":\"https:\\\/\\\/norre.fi\\\/\"},{\"@type\":\"ListItem\",\"position\":2,\"name\":\"Rekry\",\"item\":\"https:\\\/\\\/norre.fi\\\/category\\\/rekry\\\/\"},{\"@type\":\"ListItem\",\"position\":3,\"name\":\"Myyj\u00e4\"}]},{\"@type\":\"WebSite\",\"@id\":\"https:\\\/\\\/norre.fi\\\/#website\",\"url\":\"https:\\\/\\\/norre.fi\\\/\",\"name\":\"Norre Ty&ouml;terveys\",\"description\":\"Tule kanssamme uudistamaan ty&ouml;terveysalaa!\",\"publisher\":{\"@id\":\"https:\\\/\\\/norre.fi\\\/#organization\"},\"potentialAction\":[{\"@type\":\"SearchAction\",\"target\":{\"@type\":\"EntryPoint\",\"urlTemplate\":\"https:\\\/\\\/norre.fi\\\/?s={search_term_string}\"},\"query-input\":{\"@type\":\"PropertyValueSpecification\",\"valueRequired\":true,\"valueName\":\"search_term_string\"}}],\"inLanguage\":\"en-US\"},{\"@type\":\"Organization\",\"@id\":\"https:\\\/\\\/norre.fi\\\/#organization\",\"name\":\"Norre Ty\u00f6terveys Oy\",\"url\":\"https:\\\/\\\/norre.fi\\\/\",\"logo\":{\"@type\":\"ImageObject\",\"inLanguage\":\"en-US\",\"@id\":\"https:\\\/\\\/norre.fi\\\/#\\\/schema\\\/logo\\\/image\\\/\",\"url\":\"https:\\\/\\\/norre.fi\\\/wp-content\\\/uploads\\\/2020\\\/08\\\/norre-logo.svg\",\"contentUrl\":\"https:\\\/\\\/norre.fi\\\/wp-content\\\/uploads\\\/2020\\\/08\\\/norre-logo.svg\",\"caption\":\"Norre Ty\u00f6terveys Oy\"},\"image\":{\"@id\":\"https:\\\/\\\/norre.fi\\\/#\\\/schema\\\/logo\\\/image\\\/\"},\"sameAs\":[\"https:\\\/\\\/www.linkedin.com\\\/company\\\/norre-tyterveys\\\/\"]},{\"@type\":\"Person\",\"@id\":\"https:\\\/\\\/norre.fi\\\/#\\\/schema\\\/person\\\/281e75f6b0c99b820e7f6b27c533acf6\",\"name\":\"Jani R\u00e4ih\u00e4\",\"image\":{\"@type\":\"ImageObject\",\"inLanguage\":\"en-US\",\"@id\":\"https:\\\/\\\/secure.gravatar.com\\\/avatar\\\/990c12454416d191be9ff02b002ba67ac3e6bac48542d322870e47609477e6fb?s=96&d=mm&r=g\",\"url\":\"https:\\\/\\\/secure.gravatar.com\\\/avatar\\\/990c12454416d191be9ff02b002ba67ac3e6bac48542d322870e47609477e6fb?s=96&d=mm&r=g\",\"contentUrl\":\"https:\\\/\\\/secure.gravatar.com\\\/avatar\\\/990c12454416d191be9ff02b002ba67ac3e6bac48542d322870e47609477e6fb?s=96&d=mm&r=g\",\"caption\":\"Jani R\u00e4ih\u00e4\"},\"description\":\"Toimitusjohtaja\",\"url\":\"https:\\\/\\\/norre.fi\\\/en\\\/author\\\/jani-raiha\\\/\"}]}<\/script>\n<!-- \/ Yoast SEO plugin. -->","yoast_head_json":{"title":"Myyj\u00e4 - Norre Ty&ouml;terveys","robots":{"index":"index","follow":"follow","max-snippet":"max-snippet:-1","max-image-preview":"max-image-preview:large","max-video-preview":"max-video-preview:-1"},"canonical":"https:\/\/norre.fi\/en\/rekry\/myyja\/","og_locale":"en_US","og_type":"article","og_title":"Myyj\u00e4 - Norre Ty&ouml;terveys","og_description":"Haemme jatkuvasti osaavia myyji\u00e4 ty\u00f6terveyspalveluiden tiimiimme. Oletko myynnin ammattilainen, joka on valmis tarttumaan haasteeseen? Etsimme myyj\u00e4\u00e4, joka on innokas oppimaan ja viem\u00e4\u00e4n myynti\u00e4mme uudelle tasolle B2B-segmentiss\u00e4. Mit\u00e4 odotamme sinulta: Mit\u00e4 tarjoamme: Etsim\u00e4mme henkil\u00f6 on: Hakuprosessi:L\u00e4het\u00e4 hakemuksesi ja CV:si, jossa kerrot, miksi juuri sin\u00e4 olet oikea henkil\u00f6 t\u00e4h\u00e4n teht\u00e4v\u00e4\u00e4n. Kerro meille my\u00f6s palkkatoiveesi. K\u00e4sittelemme hakemuksia jatkuvasti [&hellip;]","og_url":"https:\/\/norre.fi\/en\/rekry\/myyja\/","og_site_name":"Norre Ty&ouml;terveys","article_published_time":"2024-01-15T11:58:43+00:00","article_modified_time":"2024-11-11T11:04:04+00:00","og_image":[{"width":1920,"height":1189,"url":"https:\/\/norre.fi\/wp-content\/uploads\/2024\/03\/051A4522-Edit_Isot-kuvat.webp","type":"image\/webp"}],"author":"Jani R\u00e4ih\u00e4","twitter_card":"summary_large_image","twitter_misc":{"Written by":"Jani R\u00e4ih\u00e4","Est. reading time":"2 minutes"},"schema":{"@context":"https:\/\/schema.org","@graph":[{"@type":"Article","@id":"https:\/\/norre.fi\/rekry\/myyja\/#article","isPartOf":{"@id":"https:\/\/norre.fi\/rekry\/myyja\/"},"author":{"name":"Jani R\u00e4ih\u00e4","@id":"https:\/\/norre.fi\/#\/schema\/person\/281e75f6b0c99b820e7f6b27c533acf6"},"headline":"Myyj\u00e4","datePublished":"2024-01-15T11:58:43+00:00","dateModified":"2024-11-11T11:04:04+00:00","mainEntityOfPage":{"@id":"https:\/\/norre.fi\/rekry\/myyja\/"},"wordCount":212,"publisher":{"@id":"https:\/\/norre.fi\/#organization"},"image":{"@id":"https:\/\/norre.fi\/rekry\/myyja\/#primaryimage"},"thumbnailUrl":"https:\/\/norre.fi\/wp-content\/uploads\/2024\/03\/051A4522-Edit_Isot-kuvat.webp","keywords":["Oulu","P\u00e4\u00e4kaupunkiseutu"],"articleSection":["Rekry"],"inLanguage":"en-US"},{"@type":"WebPage","@id":"https:\/\/norre.fi\/rekry\/myyja\/","url":"https:\/\/norre.fi\/rekry\/myyja\/","name":"Myyj\u00e4 - Norre Ty&ouml;terveys","isPartOf":{"@id":"https:\/\/norre.fi\/#website"},"primaryImageOfPage":{"@id":"https:\/\/norre.fi\/rekry\/myyja\/#primaryimage"},"image":{"@id":"https:\/\/norre.fi\/rekry\/myyja\/#primaryimage"},"thumbnailUrl":"https:\/\/norre.fi\/wp-content\/uploads\/2024\/03\/051A4522-Edit_Isot-kuvat.webp","datePublished":"2024-01-15T11:58:43+00:00","dateModified":"2024-11-11T11:04:04+00:00","breadcrumb":{"@id":"https:\/\/norre.fi\/rekry\/myyja\/#breadcrumb"},"inLanguage":"en-US","potentialAction":[{"@type":"ReadAction","target":["https:\/\/norre.fi\/rekry\/myyja\/"]}]},{"@type":"ImageObject","inLanguage":"en-US","@id":"https:\/\/norre.fi\/rekry\/myyja\/#primaryimage","url":"https:\/\/norre.fi\/wp-content\/uploads\/2024\/03\/051A4522-Edit_Isot-kuvat.webp","contentUrl":"https:\/\/norre.fi\/wp-content\/uploads\/2024\/03\/051A4522-Edit_Isot-kuvat.webp","width":1920,"height":1189,"caption":"Myyntitilanne"},{"@type":"BreadcrumbList","@id":"https:\/\/norre.fi\/rekry\/myyja\/#breadcrumb","itemListElement":[{"@type":"ListItem","position":1,"name":"Etusivu","item":"https:\/\/norre.fi\/"},{"@type":"ListItem","position":2,"name":"Rekry","item":"https:\/\/norre.fi\/category\/rekry\/"},{"@type":"ListItem","position":3,"name":"Myyj\u00e4"}]},{"@type":"WebSite","@id":"https:\/\/norre.fi\/#website","url":"https:\/\/norre.fi\/","name":"Norre Ty&ouml;terveys","description":"Tule kanssamme uudistamaan ty&ouml;terveysalaa!","publisher":{"@id":"https:\/\/norre.fi\/#organization"},"potentialAction":[{"@type":"SearchAction","target":{"@type":"EntryPoint","urlTemplate":"https:\/\/norre.fi\/?s={search_term_string}"},"query-input":{"@type":"PropertyValueSpecification","valueRequired":true,"valueName":"search_term_string"}}],"inLanguage":"en-US"},{"@type":"Organization","@id":"https:\/\/norre.fi\/#organization","name":"Norre Ty\u00f6terveys Oy","url":"https:\/\/norre.fi\/","logo":{"@type":"ImageObject","inLanguage":"en-US","@id":"https:\/\/norre.fi\/#\/schema\/logo\/image\/","url":"https:\/\/norre.fi\/wp-content\/uploads\/2020\/08\/norre-logo.svg","contentUrl":"https:\/\/norre.fi\/wp-content\/uploads\/2020\/08\/norre-logo.svg","caption":"Norre Ty\u00f6terveys Oy"},"image":{"@id":"https:\/\/norre.fi\/#\/schema\/logo\/image\/"},"sameAs":["https:\/\/www.linkedin.com\/company\/norre-tyterveys\/"]},{"@type":"Person","@id":"https:\/\/norre.fi\/#\/schema\/person\/281e75f6b0c99b820e7f6b27c533acf6","name":"Jani R\u00e4ih\u00e4","image":{"@type":"ImageObject","inLanguage":"en-US","@id":"https:\/\/secure.gravatar.com\/avatar\/990c12454416d191be9ff02b002ba67ac3e6bac48542d322870e47609477e6fb?s=96&d=mm&r=g","url":"https:\/\/secure.gravatar.com\/avatar\/990c12454416d191be9ff02b002ba67ac3e6bac48542d322870e47609477e6fb?s=96&d=mm&r=g","contentUrl":"https:\/\/secure.gravatar.com\/avatar\/990c12454416d191be9ff02b002ba67ac3e6bac48542d322870e47609477e6fb?s=96&d=mm&r=g","caption":"Jani R\u00e4ih\u00e4"},"description":"CEO","url":"https:\/\/norre.fi\/en\/author\/jani-raiha\/"}]}},"_links":{"self":[{"href":"https:\/\/norre.fi\/en\/wp-json\/wp\/v2\/posts\/5168","targetHints":{"allow":["GET"]}}],"collection":[{"href":"https:\/\/norre.fi\/en\/wp-json\/wp\/v2\/posts"}],"about":[{"href":"https:\/\/norre.fi\/en\/wp-json\/wp\/v2\/types\/post"}],"author":[{"embeddable":true,"href":"https:\/\/norre.fi\/en\/wp-json\/wp\/v2\/users\/3"}],"replies":[{"embeddable":true,"href":"https:\/\/norre.fi\/en\/wp-json\/wp\/v2\/comments?post=5168"}],"version-history":[{"count":2,"href":"https:\/\/norre.fi\/en\/wp-json\/wp\/v2\/posts\/5168\/revisions"}],"predecessor-version":[{"id":5439,"href":"https:\/\/norre.fi\/en\/wp-json\/wp\/v2\/posts\/5168\/revisions\/5439"}],"wp:featuredmedia":[{"embeddable":true,"href":"https:\/\/norre.fi\/en\/wp-json\/wp\/v2\/media\/5170"}],"wp:attachment":[{"href":"https:\/\/norre.fi\/en\/wp-json\/wp\/v2\/media?parent=5168"}],"wp:term":[{"taxonomy":"category","embeddable":true,"href":"https:\/\/norre.fi\/en\/wp-json\/wp\/v2\/categories?post=5168"},{"taxonomy":"post_tag","embeddable":true,"href":"https:\/\/norre.fi\/en\/wp-json\/wp\/v2\/tags?post=5168"}],"curies":[{"name":"wp","href":"https:\/\/api.w.org\/{rel}","templated":true}]}}